{"id":326007,"date":"2021-10-20T22:43:12","date_gmt":"2021-10-20T20:43:12","guid":{"rendered":"https:\/\/equi-libre.fr\/objectif-mieux-etre\/"},"modified":"2025-08-04T16:44:32","modified_gmt":"2025-08-04T14:44:32","slug":"objectif-mieux-etre","status":"publish","type":"post","link":"https:\/\/equi-libre.fr\/en\/objectif-mieux-etre\/","title":{"rendered":"Objectif &#8220;mieux-\u00eatre&#8221;"},"content":{"rendered":"\n\n\t<h2 id=\"le-bien-et-le-mal\">Le bien et le mal ?!?<\/h2>\n<p>Alors que le th\u00e8me du \u00ab\u00a0bien-\u00eatre animal\u00a0\u00bb est sur toutes les l\u00e8vres, sommes-nous en capacit\u00e9 d&#8217;atteindre cet objectif devenu \u00e9thique. \u00ab\u00a0Etre\u00a0\u00bb, nous comprenons ce que cela signifie, mais le \u00ab\u00a0bien\u00a0\u00bb comment se d\u00e9finit-il\u00a0? Nous pouvons le d\u00e9finir en l&#8217;opposant au mal. Notion g\u00e9n\u00e9r\u00e9e par la culture jud\u00e9o-chr\u00e9tienne. Existe-t-il un bien absolu, commun \u00e0 chaque individu, un bien \u00ab\u00a0\u00e9talon\u00a0\u00bb\u00a0? Entre le \u00ab\u00a0mal\u00a0\u00bb et le \u00ab\u00a0bien\u00a0\u00bb se glisse avec \u00e0-propos le \u00ab\u00a0mieux\u00a0\u00bb.<\/p>\n<p>Retenons donc cette notion pragmatique : le mieux-\u00eatre.<\/p>\n<p>Le mieux-\u00eatre invite \u00e0 l&#8217;action, \u00e0 l&#8217;optimisme. L&#8217;objectif est fix\u00e9\u00a0: porter toute son attention afin que l&#8217;autre soit au mieux pour lui-m\u00eame. Un programme certes moins pr\u00e9tentieux dans l&#8217;absolu, mais plus accessible que le \u00ab\u00a0bien\u00a0\u00bb qui serait, vu par les chevaux, peut-\u00eatre de les laisser vivre libres dans la nature. Nous ne saurons jamais ce que pensent les chevaux de notre relation, en revanche nous sommes en mesure d&#8217;en appr\u00e9cier la qualit\u00e9. Dans ce cadre, la conqu\u00eate du \u00ab\u00a0mieux-\u00eatre\u00a0\u00bb est une d\u00e9marche adapt\u00e9e au monde \u00e9questre actuel tant il y a de choses \u00e0 am\u00e9liorer, donc \u00e0 changer en mieux.<\/p>\n<p>Son mauvais traitement s&#8217;inscrivant dans la dur\u00e9e, le cheval est l&#8217;animal le plus maltrait\u00e9. M\u00eame si nous distinguons le \u00ab\u00a0mauvais traitement\u00a0\u00bb par ignorance de la \u00ab\u00a0maltraitance\u00a0\u00bb, pour le cheval, le r\u00e9sultat est identique. Nous savons que l&#8217;isolement brise la personnalit\u00e9, alors ceux qui isolent leurs chevaux dans une cage, tout en sachant que le cheval est gr\u00e9gaire et doit parcourir 10 km chaque jour, sont-ils consid\u00e9r\u00e9s comme maltraitants\u00a0? Pas vraiment, \u00e9tant \u00e9tabli que la tradition, la coutume, l&#8217;habitude viennent au secours des d\u00e9rives aujourd&#8217;hui identifi\u00e9es. C&#8217;est ainsi que les maltraitants ne se sentent pas maltraitants et ne sont pas punis pour maltraitance. Pire, le maniement d&#8217;un morceau de ferraille dans la bouche est pr\u00e9sent\u00e9 comme \u00e9tant l&#8217;art \u00e9questre par excellence. Joker\u00a0! Pourtant les traitements cruels envers les chevaux menacent notre ordre social, menacent notre humanit\u00e9.<\/p>\n<p>L&#8217;institutionnel du monde \u00e9questre ne donne pas le bon exemple. Dans les \u00e9coles v\u00e9t\u00e9rinaires, ce sont des pratiques maltraitantes comme l&#8217;infibulation qui sont toujours enseign\u00e9es et font l&#8217;objet de th\u00e8ses r\u00e9dig\u00e9es par des femmes\u00a0! Notons la schizophr\u00e9nie de l&#8217;Institut fran\u00e7ais du cheval et de l&#8217;\u00e9quitation (IFCE*), qui enferme les chevaux \u00e0 Saumur et met en place une charte concernant le \u00ab\u00a0bien-\u00eatre\u00a0\u00bb des chevaux \u00e0 grand renfort d&#8217;\u00e9tudes.<\/p>\n<p>C&#8217;est pourtant simple, pas besoin de longues recherches pour comprendre qu&#8217;un cheval en prison, que sa mise \u00e0 l&#8217;effort jeune, le mors, l&#8217;hyperflexion de l&#8217;encolure, le sevrage pr\u00e9coce, le rasage des vibrisses, l&#8217;accouplement forc\u00e9, le dopage, la nourriture inadapt\u00e9e&#8230; sont autant de mauvais traitements assum\u00e9s qui nous \u00e9loignent de la notion de mieux-\u00eatre. La maltraitance atteint des sommets dans la comp\u00e9tition. Comme l&#8217;affirme un juge international (1), \u00ab en comp\u00e9tition, on est toujours sur le fil rouge tant on pousse les chevaux au-del\u00e0 des limites \u00bb.<\/p>\n\t\t\t\t<img decoding=\"async\" src=\"https:\/\/equi-libre.fr\/wp-content\/uploads\/2021\/12\/pacifier-galerie.jpg\" alt=\"pacifier-galerie\" itemprop=\"image\" height=\"1200\" width=\"1600\" title=\"pacifier-galerie\" onerror=\"this.style.display='none'\" loading=\"lazy\" \/>\n\t<h2 id=\"pas-de-mieux-etre-sans-respect\">Pas de mieux-\u00eatre sans respect<\/h2>\n<p>Les m\u00e9dias, les r\u00e9seaux sociaux sont tr\u00e8s pr\u00e9sents d\u00e8s qu&#8217;il s&#8217;agit d&#8217;\u00e9voquer le \u00ab\u00a0bien-\u00eatre\u00a0\u00bb animal. Le sujet est au c\u0153ur d&#8217;un questionnement soci\u00e9tal. Garantir le mieux-\u00eatre d&#8217;un animal domestique comme le cheval, demande du savoir et du respect en mati\u00e8re d&#8217;imp\u00e9ratifs biologiques. Nous avons pass\u00e9 en revue deux postes qui sont incontournables si l&#8217;on souhaite v\u00e9ritablement s&#8217;inscrire dans la d\u00e9marche du mieux-\u00eatre\u00a0: la nourriture et l&#8217;environnement. Inutile donc de se gargariser avec <em>l&#8217;amour<\/em> que l&#8217;on porte \u00e0 son compagnon \u00e9quin tant que le respect des imp\u00e9ratifs biologiques n&#8217;est pas int\u00e9gr\u00e9 dans la relation que l&#8217;on instaure avec les chevaux. Pour le monde \u00e9questre traditionnel, le \u00ab\u00a0bien-\u00eatre\u00a0\u00bb du cheval est \u00e9lastique. Comme nous l&#8217;avons not\u00e9, en 2018, \u00e0 grand renfort de publicit\u00e9, l&#8217;IFCE, pusillanime, nous propose la fameuse CHARTE pour le BIEN-ETRE EQUIN. Le titre est en majuscules mais l&#8217;ambition demeure minuscule. Pas de remise en cause fondamentale sur le comportement et les pratiques des professionnels de la fili\u00e8re. Le box y est toujours recommand\u00e9, concernant l&#8217;entretien des sabots, la ferrure r\u00e9pond aux crit\u00e8res de la charte, on y parle toujours de races&#8230; Il y est aussi recommand\u00e9 de nourrir les chevaux avec ce qui est qualifi\u00e9 pudiquement <em>d&#8217;aliments compl\u00e9mentaires<\/em> voire <em>complets comme les granul\u00e9s<\/em>. Comment peut-on donner un tel conseil dans une charte pour le bien-\u00eatre\u00a0?<\/p>\n<p>Pour nourrir les animaux de compagnie, l&#8217;industrie agro-alimentaire est championne du monde dans l&#8217;art de recycler les r\u00e9sidus. Tout y passe, les derniers d\u00e9chets des abattoirs, les huiles us\u00e9es des restaurant, les animaux malades, les invendus des supermarch\u00e9s, les chiens et chats ramass\u00e9s dans la rue ou dans les refuges, le tout m\u00e9lang\u00e9 \u00e0 des agents de saveur, \u00e0 des \u00ab\u00a0digestifs\u00a0\u00bb qui vont rendre l&#8217;improbable m\u00e9lange app\u00e9tissant et digeste.<\/p>\n<p>Nos 30 millions d&#8217;amis sont en fait transform\u00e9s en 30 millions de poubelles et le million de chevaux en fait partie. Il est tr\u00e8s instructif de consulter \u00ab\u00a0le catalogue des mati\u00e8res premi\u00e8res pour aliments des animaux\u00a0\u00bb r\u00e9glement\u00e9 par la commission de l&#8217;Union Europ\u00e9enne (2). Cent vingt pages \u00e9difiantes. La commission aurait mieux fait de nous dire ce qui est interdit, en l&#8217;occurrence m\u00eame pas l&#8217;antigel administr\u00e9 pour augmenter la lactation\u00a0!&#8230;<\/p>\n<p>Pour rendre possible la digestion d&#8217;une alimentation inadapt\u00e9e, l&#8217;industrie va avoir recours \u00e0 des m\u00e9langes circonstanci\u00e9s. Le premier des additifs a pour objectif de rendre app\u00e9tants les aliments propos\u00e9s aux animaux. Deux pistes principales sont exploit\u00e9es, la saveur et la d\u00e9pendance. Pour am\u00e9liorer la saveur, les habiles concepteurs vont \u00eatre tr\u00e8s attentifs \u00e0 l&#8217;odeur de l&#8217;aliment, sa texture, sa couleur, son go\u00fbt. En ce qui concerne l&#8217;app\u00e9tence, il est r\u00e9guli\u00e8rement fait appel au sucre contenu dans la m\u00e9lasse. Reste \u00e0 les rendre digestes. Pour assimiler les c\u00e9r\u00e9ales omnipr\u00e9sentes dans le cocktail, il est indispensable d&#8217;introduire les enzymes qui font d\u00e9faut dans le syst\u00e8me digestif des chevaux.<\/p>\n<p>Les aliments compos\u00e9s propos\u00e9s aux chevaux ont le plus souvent pour base des c\u00e9r\u00e9ales. Le gluten est une prot\u00e9ine que l&#8217;on retrouve dans les c\u00e9r\u00e9ales comme le bl\u00e9, le seigle ou encore l&#8217;avoine. L&#8217;agro-alimentaire, pour des raisons \u00e9conomiques, a s\u00e9lectionn\u00e9 les vari\u00e9t\u00e9s de c\u00e9r\u00e9ales les plus riches en gluten (plus il y a de gluten, plus le pain gonfle), qui n&#8217;est pas une substance innocente. Les gliadines, un de ses composants, ont la f\u00e2cheuse habitude de d\u00e9truire les jonctions cellulaires de l&#8217;intestin du cheval, ce qui rend le tube digestif \u00ab poreux \u00bb. Devant ce danger, l&#8217;organisme r\u00e9agit fortement et d\u00e9clenche son syst\u00e8me immunitaire. La muqueuse intestinale est irrit\u00e9e et se trouve dans l&#8217;incapacit\u00e9 d&#8217;assimiler correctement les nutriments. Cons\u00e9quences sans appel : irritation du colon, inflammation intestinale, stress, maladies neurologiques&#8230; On trouve une forte concentration de gluten dans la plupart des granul\u00e9s. Pendant que le gluten d\u00e9truit l&#8217;intestin et que 60 % des chevaux meurent de \u00ab coliques \u00bb, l&#8217;agro-alimentaire fait son bl\u00e9 .<\/p>\n\t\t\t\t<img decoding=\"async\" src=\"https:\/\/equi-libre.fr\/wp-content\/uploads\/2021\/12\/enneiger-galerie.jpg\" alt=\"Les chevaux r\u00e9sistent aux d\u00e8s l&#039;instant o\u00f9 ils peuvent se mettre \u00e0 l&#039;abri des vents dominants.\" itemprop=\"image\" height=\"1200\" width=\"1600\" title=\"enneiger-galerie\" onerror=\"this.style.display='none'\" loading=\"lazy\" \/>\n\t<h2 id=\"s-inscrire-dans-le-changement\">S&#8217;inscrire dans le changement<\/h2>\n<p>De plus en plus de professionnels prennent conscience de l&#8217;indispensable changement de pratiques devant conduire \u00e0 un mieux-\u00eatre partag\u00e9. Monitrices, v\u00e9t\u00e9rinaires, mar\u00e9chaux-ferrants se remettent en cause. Quittant le consensus ambiant, ne cautionnant plus les d\u00e9rives, ils sont souvent ostracis\u00e9s. La d\u00e9marche n&#8217;est pas \u00e9vidente mais elle est gratifiante. Nous avons \u00e9voqu\u00e9 ce v\u00e9t\u00e9rinaire, champion de France d&#8217;endurance, juge FEI quatre \u00e9toiles &#8211; le top des juges internationaux -, d\u00e9clare publiquement qu&#8217;au cours de ses \u00e9tudes, il n&#8217;a pas appris ce qu&#8217;est v\u00e9ritablement la locomotion \u00e9quine. Cette r\u00e9flexion nous interroge sur la qualit\u00e9 de l&#8217;enseignement v\u00e9t\u00e9rinaire qui tord les donn\u00e9es pour justifier un ferrage handicapant (3). Ce mar\u00e9chal-ferrant de l&#8217;IFCE\u00a0 d\u00e9couvre que le cheval ne se r\u00e9ceptionne pas sur son ongle et qu&#8217;en cons\u00e9quence, il va laisser sabots libres les jeunes chevaux du Haras du Pin (4). Ou encore cette mar\u00e9chale au pr\u00e9nom pr\u00e9destin\u00e9, Fr\u00e9d\u00e9rique, anagramme de \u00ab\u00a0qui d\u00e9ferre\u00a0\u00bb. Aujourd&#8217;hui, elle ne ferre plus aucun cheval (5). Le 23 novembre 2020, la F\u00e9d\u00e9ration \u00e9questre internationale (FEI) d\u00e9cide de disqualifier un cheval dont les vibrisses ont \u00e9t\u00e9 ras\u00e9es. Toutes ces d\u00e9marches, m\u00eame si elles sont quelque fois troubl\u00e9es par des scories culturelles, demandent une remise en cause et un abandon de croyances tr\u00e8s pr\u00e9gnants.<\/p>\n<p>Souhaitons, au fur et \u00e0 mesure que le savoir se diffuse, que ces prises de conscience se multiplient et que nous nous inscrivions dans une vraie recherche du bien-\u00eatre, tant pour les \u00e9quins que pour nous les humains. Le mieux-\u00eatre n&#8217;existe que si toutes les composantes individuelles b\u00e9n\u00e9ficient d&#8217;un respect de leurs besoins physiologiques, mentaux et soci\u00e9taux. Il convient de faire \u00e9voluer ce monde qui m\u00e9prise avec superbe le mieux-vivre des chevaux. Certes la transition sera longue mais il faut bien l&#8217;initier un jour.<\/p>\n<p><em>Pierre ENOFF octobre 2021<\/em><\/p>\n\t<p>&nbsp;<\/p>\n<ul>\n<li>* IFCE\u00a0: Institut Fran\u00e7ais du Cheval et de l&#8217;Equitation &#8211; Haras Nationaux.<\/li>\n<li>1 &amp; 3 &#8211; https:\/\/equi-libre.fr\/2020\/10\/veterinaire-fei\/<\/li>\n<li>2 &#8211; https:\/\/eur-lex.europa.eu\/legal-content\/FR\/TXT\/PDF\/?uri=CELEX:32017R1017&amp;from=IT<\/li>\n<li>4 &#8211; https:\/\/equi-libre.fr\/2020\/09\/marechal-ferrant-ifce-haras-nationaux\/<\/li>\n<li>5 &#8211; <a href=\"https:\/\/equi-libre.fr\/marechal-ferrant-ifce-haras-nationaux\/\">https:\/\/equi-libre.fr\/2019\/05\/frederique-marechal-ferrant\/<\/a><\/li>\n<li>Infibulation https:\/\/www.google.com\/search?client=firefox-b-d&amp;q=vulvoplastie+chez+la+jument<\/li>\n<\/ul>\n<figure>\n<iframe loading=\"lazy\" title=\"Le cheval, animal maltrait\u00e9. R\u00e9agissez !!!\" width=\"500\" height=\"281\" src=\"https:\/\/www.youtube.com\/embed\/LfDVdZfWgzs?feature=oembed\" frameborder=\"0\" allow=\"accelerometer; autoplay; clipboard-write; encrypted-media; gyroscope; picture-in-picture; web-share\" referrerpolicy=\"strict-origin-when-cross-origin\" allowfullscreen><\/iframe>\n<\/figure>\n\t\t\t<a href =\"https:\/\/equi-libre.fr\/podcast\/\" target=\"_self\"  aria-label=\"Ecouter les podcasts decouvrez les propos de pierre enoff\">\n\t\t\t\t\t\t\t\tEcouter les podcasts\t\t\t\t\t\t\t\n\t\t\t\t\t\t\t\tdecouvrez les propos de pierre enoff\t\t\t\t\t\t\t\n\t\t\t\t\t\t<\/a>\n\t\t\n","protected":false},"excerpt":{"rendered":"<p>Le bien et le mal ?!? Alors que le th\u00e8me du \u00ab\u00a0bien-\u00eatre animal\u00a0\u00bb est sur toutes les l\u00e8vres, sommes-nous en capacit\u00e9 d&#8217;atteindre cet objectif devenu \u00e9thique. \u00ab\u00a0Etre\u00a0\u00bb, nous comprenons ce [&hellip;]<\/p>\n","protected":false},"author":2,"featured_media":326633,"comment_status":"open","ping_status":"open","sticky":false,"template":"","format":"standard","meta":{"site-sidebar-layout":"default","site-content-layout":"default","ast-site-content-layout":"default","site-content-style":"default","site-sidebar-style":"default","ast-global-header-display":"","ast-banner-title-visibility":"","ast-main-header-display":"","ast-hfb-above-header-display":"","ast-hfb-below-header-display":"","ast-hfb-mobile-header-display":"","site-post-title":"","ast-breadcrumbs-content":"","ast-featured-img":"","footer-sml-layout":"","ast-disable-related-posts":"","theme-transparent-header-meta":"default","adv-header-id-meta":"","stick-header-meta":"default","header-above-stick-meta":"","header-main-stick-meta":"","header-below-stick-meta":"","astra-migrate-meta-layouts":"set","ast-page-background-enabled":"default","ast-page-background-meta":{"desktop":{"background-color":"","background-image":"","background-repeat":"repeat","background-position":"center center","background-size":"auto","background-attachment":"scroll","background-type":"","background-media":"","overlay-type":"","overlay-color":"","overlay-opacity":"","overlay-gradient":""},"tablet":{"background-color":"","background-image":"","background-repeat":"repeat","background-position":"center center","background-size":"auto","background-attachment":"scroll","background-type":"","background-media":"","overlay-type":"","overlay-color":"","overlay-opacity":"","overlay-gradient":""},"mobile":{"background-color":"","background-image":"","background-repeat":"repeat","background-position":"center center","background-size":"auto","background-attachment":"scroll","background-type":"","background-media":"","overlay-type":"","overlay-color":"","overlay-opacity":"","overlay-gradient":""}},"ast-content-background-meta":{"desktop":{"background-color":"var(--ast-global-color-5)","background-image":"","background-repeat":"repeat","background-position":"center center","background-size":"auto","background-attachment":"scroll","background-type":"","background-media":"","overlay-type":"","overlay-color":"","overlay-opacity":"","overlay-gradient":""},"tablet":{"background-color":"var(--ast-global-color-5)","background-image":"","background-repeat":"repeat","background-position":"center center","background-size":"auto","background-attachment":"scroll","background-type":"","background-media":"","overlay-type":"","overlay-color":"","overlay-opacity":"","overlay-gradient":""},"mobile":{"background-color":"var(--ast-global-color-5)","background-image":"","background-repeat":"repeat","background-position":"center center","background-size":"auto","background-attachment":"scroll","background-type":"","background-media":"","overlay-type":"","overlay-color":"","overlay-opacity":"","overlay-gradient":""}},"footnotes":""},"categories":[1139,1138],"tags":[],"class_list":["post-326007","post","type-post","status-publish","format-standard","has-post-thumbnail","hentry","category-le-monde-equestre-en","category-tous-les-articles-en"],"aioseo_notices":[],"_links":{"self":[{"href":"https:\/\/equi-libre.fr\/en\/wp-json\/wp\/v2\/posts\/326007","targetHints":{"allow":["GET"]}}],"collection":[{"href":"https:\/\/equi-libre.fr\/en\/wp-json\/wp\/v2\/posts"}],"about":[{"href":"https:\/\/equi-libre.fr\/en\/wp-json\/wp\/v2\/types\/post"}],"author":[{"embeddable":true,"href":"https:\/\/equi-libre.fr\/en\/wp-json\/wp\/v2\/users\/2"}],"replies":[{"embeddable":true,"href":"https:\/\/equi-libre.fr\/en\/wp-json\/wp\/v2\/comments?post=326007"}],"version-history":[{"count":3,"href":"https:\/\/equi-libre.fr\/en\/wp-json\/wp\/v2\/posts\/326007\/revisions"}],"predecessor-version":[{"id":328173,"href":"https:\/\/equi-libre.fr\/en\/wp-json\/wp\/v2\/posts\/326007\/revisions\/328173"}],"wp:featuredmedia":[{"embeddable":true,"href":"https:\/\/equi-libre.fr\/en\/wp-json\/wp\/v2\/media\/326633"}],"wp:attachment":[{"href":"https:\/\/equi-libre.fr\/en\/wp-json\/wp\/v2\/media?parent=326007"}],"wp:term":[{"taxonomy":"category","embeddable":true,"href":"https:\/\/equi-libre.fr\/en\/wp-json\/wp\/v2\/categories?post=326007"},{"taxonomy":"post_tag","embeddable":true,"href":"https:\/\/equi-libre.fr\/en\/wp-json\/wp\/v2\/tags?post=326007"}],"curies":[{"name":"wp","href":"https:\/\/api.w.org\/{rel}","templated":true}]}}